{"id":14135,"date":"2026-03-09T12:59:31","date_gmt":"2026-03-09T15:59:31","guid":{"rendered":"https:\/\/legalwings.com.br\/?p=14135"},"modified":"2026-04-29T14:32:32","modified_gmt":"2026-04-29T17:32:32","slug":"regulacao-da-lei-geral-de-protecao-de-dados-nas-serventias-extrajudiciais","status":"publish","type":"post","link":"https:\/\/legalwings.com.br\/en\/regulacao-da-lei-geral-de-protecao-de-dados-nas-serventias-extrajudiciais\/","title":{"rendered":"Regula\u00e7\u00e3o da Lei Geral de Prote\u00e7\u00e3o de Dados nas Serventias Extrajudiciais"},"content":{"rendered":"<p><\/p>\n\n\n\n<div style=\"height:16px\" aria-hidden=\"true\" class=\"wp-block-spacer\"><\/div>\n\n\n\n<p>O avan\u00e7o das tecnologias digitais exige adapta\u00e7\u00e3o das serventias extrajudiciais \u2014 tradicionalmente voltadas \u00e0 seguran\u00e7a jur\u00eddica de atos privados \u2014 aos princ\u00edpios da LGPD.<\/p>\n\n\n\n<div style=\"height:16px\" aria-hidden=\"true\" class=\"wp-block-spacer\"><\/div>\n\n\n\n<p>O desafio reside em harmonizar publicidade registral e notarial com direitos fundamentais: privacidade, autodetermina\u00e7\u00e3o informativa e prote\u00e7\u00e3o contra o uso indevido de dados pessoais.<\/p>\n\n\n\n<div style=\"height:16px\" aria-hidden=\"true\" class=\"wp-block-spacer\"><\/div>\n\n\n\n<p>A publica\u00e7\u00e3o re\u00fane os estudos promovidos por especialistas com o objetivo de esclarecer como a LGPD deve ser aplicada \u00e0s serventias extrajudiciais, garantindo prote\u00e7\u00e3o de dados sem comprometer as fun\u00e7\u00f5es p\u00fablicas de registro e notariado.<\/p>\n\n\n\n<div style=\"height:16px\" aria-hidden=\"true\" class=\"wp-block-spacer\"><\/div>\n\n\n\n<div style=\"height:16px\" aria-hidden=\"true\" class=\"wp-block-spacer\"><\/div>\n\n\n\n<p><strong>Parte Geral<\/strong> trata dos fundamentos normativos, institucionais e principiol\u00f3gicos sobre a LGPD e sua aplica\u00e7\u00e3o \u00e0s serventias:<\/p>\n\n\n\n<div style=\"height:16px\" aria-hidden=\"true\" class=\"wp-block-spacer\"><\/div>\n\n\n\n<ul class=\"wp-block-list\">\n<li>A distin\u00e7\u00e3o entre publicidade extrajudicial e divulga\u00e7\u00e3o de dados (Juliano Maranh\u00e3o)<\/li>\n<\/ul>\n\n\n\n<div style=\"height:16px\" aria-hidden=\"true\" class=\"wp-block-spacer\"><\/div>\n\n\n\n<ul class=\"wp-block-list\">\n<li>O papel regulat\u00f3rio das serventias \u00e0 luz da LGPD (Fernando A. Tasso)<\/li>\n<\/ul>\n\n\n\n<div style=\"height:16px\" aria-hidden=\"true\" class=\"wp-block-spacer\"><\/div>\n\n\n\n<ul class=\"wp-block-list\">\n<li>Tens\u00f5es entre transpar\u00eancia e anonimato do solicitante de certid\u00f5es (Bernardo Fico e Jo\u00e3o Naves)<\/li>\n<\/ul>\n\n\n\n<div style=\"height:16px\" aria-hidden=\"true\" class=\"wp-block-spacer\"><\/div>\n\n\n\n<ul class=\"wp-block-list\">\n<li>Compara\u00e7\u00f5es entre plataformas como GOV.BR e E-Notariado (Alexandre G. Kassama)<\/li>\n<\/ul>\n\n\n\n<div style=\"height:16px\" aria-hidden=\"true\" class=\"wp-block-spacer\"><\/div>\n\n\n\n<ul class=\"wp-block-list\">\n<li>Prote\u00e7\u00e3o de dados de empregados (Bianca M. Mollicone e Tatiana B. Roxo)<\/li>\n<\/ul>\n\n\n\n<div style=\"height:16px\" aria-hidden=\"true\" class=\"wp-block-spacer\"><\/div>\n\n\n\n<ul class=\"wp-block-list\">\n<li>Direitos dos titulares perante os servi\u00e7os extrajudiciais (Daniel Marchionatti e Caroline Tauk)<\/li>\n<\/ul>\n\n\n\n<div style=\"height:16px\" aria-hidden=\"true\" class=\"wp-block-spacer\"><\/div>\n\n\n\n<ul class=\"wp-block-list\">\n<li>Dosimetria de penalidades e regime sancionat\u00f3rio \u00e0 luz da LGPD (Bernardo Fico e Josie Barros)<\/li>\n<\/ul>\n\n\n\n<div style=\"height:16px\" aria-hidden=\"true\" class=\"wp-block-spacer\"><\/div>\n\n\n\n<div style=\"height:16px\" aria-hidden=\"true\" class=\"wp-block-spacer\"><\/div>\n\n\n\n<p><strong>Parte Especial<\/strong> examina casos concretos e especialidades do registro p\u00fablico e sua compatibilidade com a LGPD:<\/p>\n\n\n\n<div style=\"height:16px\" aria-hidden=\"true\" class=\"wp-block-spacer\"><\/div>\n\n\n\n<ul class=\"wp-block-list\">\n<li>A publicidade no registro de im\u00f3veis (Ivan Jacopetti do Lago)<\/li>\n<\/ul>\n\n\n\n<div style=\"height:16px\" aria-hidden=\"true\" class=\"wp-block-spacer\"><\/div>\n\n\n\n<ul class=\"wp-block-list\">\n<li>Liberdade de informa\u00e7\u00e3o e inviolabilidade da intimidade (Ana Paula Frontini)<\/li>\n<\/ul>\n\n\n\n<div style=\"height:16px\" aria-hidden=\"true\" class=\"wp-block-spacer\"><\/div>\n\n\n\n<ul class=\"wp-block-list\">\n<li>Certid\u00f5es de protesto e fundamentos legais para o tratamento de dados (Mario Camargo Neto)<\/li>\n<\/ul>\n\n\n\n<div style=\"height:16px\" aria-hidden=\"true\" class=\"wp-block-spacer\"><\/div>\n\n\n\n<ul class=\"wp-block-list\">\n<li>Discuss\u00e3o sobre \u201cinforma\u00e7\u00f5es em bloco\u201d no Provimento 149 (Jo\u00e3o Naves e Juliano Maranh\u00e3o)<\/li>\n<\/ul>\n\n\n\n<div style=\"height:16px\" aria-hidden=\"true\" class=\"wp-block-spacer\"><\/div>\n\n\n\n<ul class=\"wp-block-list\">\n<li>Perspectivas sobre dados no registro de im\u00f3veis (Yuri Nabeshima)<\/li>\n<\/ul>\n\n\n\n<div style=\"height:54px\" aria-hidden=\"true\" class=\"wp-block-spacer\"><\/div>","protected":false},"excerpt":{"rendered":"<p>O avan\u00e7o das tecnologias digitais exige adapta\u00e7\u00e3o das serventias extrajudiciais \u2014 tradicionalmente voltadas \u00e0 seguran\u00e7a jur\u00eddica de atos privados \u2014 aos princ\u00edpios da LGPD. O desafio reside em harmonizar publicidade registral e notarial com direitos fundamentais: privacidade, autodetermina\u00e7\u00e3o informativa e prote\u00e7\u00e3o contra o uso indevido de dados pessoais. A publica\u00e7\u00e3o re\u00fane os estudos promovidos por [&hellip;]<\/p>\n","protected":false},"author":8,"featured_media":14138,"comment_status":"closed","ping_status":"closed","sticky":false,"template":"","format":"standard","meta":{"_acf_changed":false,"footnotes":""},"categories":[29],"tags":[],"tema":[41],"tipo-de-conteudo":[35],"class_list":["post-14135","post","type-post","status-publish","format-standard","has-post-thumbnail","hentry","category-sem-categoria-pt","autor-joao-navas","autor-josie-menezes","autor-juliano-maranhao","tema-nucleo-de-inteligencia-artificial-e-sociedade","tipo-de-conteudo-relatorio"],"acf":[],"_links":{"self":[{"href":"https:\/\/legalwings.com.br\/en\/wp-json\/wp\/v2\/posts\/14135","targetHints":{"allow":["GET"]}}],"collection":[{"href":"https:\/\/legalwings.com.br\/en\/wp-json\/wp\/v2\/posts"}],"about":[{"href":"https:\/\/legalwings.com.br\/en\/wp-json\/wp\/v2\/types\/post"}],"author":[{"embeddable":true,"href":"https:\/\/legalwings.com.br\/en\/wp-json\/wp\/v2\/users\/8"}],"replies":[{"embeddable":true,"href":"https:\/\/legalwings.com.br\/en\/wp-json\/wp\/v2\/comments?post=14135"}],"version-history":[{"count":11,"href":"https:\/\/legalwings.com.br\/en\/wp-json\/wp\/v2\/posts\/14135\/revisions"}],"predecessor-version":[{"id":16239,"href":"https:\/\/legalwings.com.br\/en\/wp-json\/wp\/v2\/posts\/14135\/revisions\/16239"}],"wp:featuredmedia":[{"embeddable":true,"href":"https:\/\/legalwings.com.br\/en\/wp-json\/wp\/v2\/media\/14138"}],"wp:attachment":[{"href":"https:\/\/legalwings.com.br\/en\/wp-json\/wp\/v2\/media?parent=14135"}],"wp:term":[{"taxonomy":"category","embeddable":true,"href":"https:\/\/legalwings.com.br\/en\/wp-json\/wp\/v2\/categories?post=14135"},{"taxonomy":"post_tag","embeddable":true,"href":"https:\/\/legalwings.com.br\/en\/wp-json\/wp\/v2\/tags?post=14135"},{"taxonomy":"tema","embeddable":true,"href":"https:\/\/legalwings.com.br\/en\/wp-json\/wp\/v2\/tema?post=14135"},{"taxonomy":"tipo-de-conteudo","embeddable":true,"href":"https:\/\/legalwings.com.br\/en\/wp-json\/wp\/v2\/tipo-de-conteudo?post=14135"}],"curies":[{"name":"wp","href":"https:\/\/api.w.org\/{rel}","templated":true}]}}